{"id":21672,"date":"2026-03-16T09:22:39","date_gmt":"2026-03-16T08:22:39","guid":{"rendered":"https:\/\/rheinhessen-news.de\/news\/?p=21672"},"modified":"2026-03-16T10:26:34","modified_gmt":"2026-03-16T09:26:34","slug":"dachstuhlbrand-in-eppelsheim","status":"publish","type":"post","link":"https:\/\/rheinhessen-news.de\/news\/2026\/03\/16\/dachstuhlbrand-in-eppelsheim\/","title":{"rendered":"Dachstuhlbrand in Eppelsheim &#8211; Mehrere Feuerwehren im Einsatz"},"content":{"rendered":"<div class=\"rhein-vor-dem-inhalt\" style=\"margin-left: auto;margin-right: auto;text-align: center;\" id=\"rhein-2553756341\" data-cfpa=\"16996\" data-cfpw=\"16996\"><div class=\"rhein-adlabel\">Werbung<\/div><a href=\"https:\/\/a.check24.net\/misc\/click.php?pid=302210&aid=341&cat=14\" target=\"_blank\"><img loading=\"lazy\" decoding=\"async\" src=\"https:\/\/a.check24.net\/misc\/view.php?pid=302210&aid=341&cat=14\" width=\"1200\" height=\"300\" style=\"max-width: 100%; height: auto;\" ><\/a><\/div><script type=\"text\/javascript\">;new advadsCfpAd( 16996 );<\/script>\n<p><strong>EPPELSHEIM (AZ\/sp)\u00a0&#8211; <\/strong>In der Nacht zum Montag wurde die Feuerwehr der Verbandsgemeinde Alzey-Land um 00:56 Uhr zu einem gemeldeten Brand eines Terrassen\u00fcberbaus in Eppelsheim alarmiert. Beim Eintreffen der ersten Einsatzkr\u00e4fte stellte sich jedoch heraus, dass das Feuer bereits auf das angrenzende Wohngeb\u00e4ude \u00fcbergegriffen hatte. Aus dem Geb\u00e4ude drang eine starke Rauchentwicklung, zudem waren teilweise Flammen sichtbar.<\/p>\n\n\n\n<p>Die Bewohner des Hauses hatten das Geb\u00e4ude bereits vor dem Eintreffen der Feuerwehr selbstst\u00e4ndig verlassen, sodass sich die Einsatzkr\u00e4fte unmittelbar auf die Brandbek\u00e4mpfung konzentrieren konnten.<\/p>\n\n\n\n<p>Mehrere Trupps unter Atemschutz gingen zur Brandbek\u00e4mpfung in das Geb\u00e4ude vor, um das Feuer im Inneren zu bek\u00e4mpfen und eine weitere Ausbreitung zu verhindern. Parallel dazu wurden L\u00f6schma\u00dfnahmen auch von au\u00dfen durchgef\u00fchrt.<\/p>\n\n\n\n<p>Hierbei kam unter anderem ein Teleskopgelenkmast zum Einsatz, \u00fcber den der Brand im Dachbereich gezielt von au\u00dfen bek\u00e4mpft wurde. Durch das koordinierte Vorgehen im Innen- und Au\u00dfenangriff gelang es den Einsatzkr\u00e4ften, den Brand unter Kontrolle zu bringen.<\/p>\n\n\n\n<p>Bei anschlie\u00dfenden Kontrollarbeiten wurde ein weiterer Brandherd in der Isolierung zwischen zwei Mauerwerken festgestellt. Um diesen gezielt abl\u00f6schen zu k\u00f6nnen, finden derzeit L\u00f6schma\u00dfnahmen mit einer speziellen L\u00f6schlanze statt.<\/p>\n\n\n\n<p>W\u00e4hrend des Einsatzes waren rund 50 Einsatzkr\u00e4fte der Feuerwehren aus den Verbandsgemeinden Alzey-Land und Wonnegau sowie der Stadt Alzey beteiligt, darunter auch der Abrollbeh\u00e4lter Hygiene und Atemschutz des Landkreises Alzey-Worms. Au\u00dferdem waren die SEG-V (Schnelleinsatzgruppe Verpflegung) sowie ein Bereitstellungs-Rettungswagen im Einsatz, der im Laufe des Einsatzes den Regelrettungsdienst abl\u00f6ste. Ebenfalls vor Ort waren Kr\u00e4fte der Polizei sowie der Brand- und Katastrophenschutzinspekteur des Landkreises Alzey-Worms.<\/p>\n\n\n\n<p>Unterst\u00fctzt wurde der Einsatz zudem durch die Feuerwehr-Einsatzzentrale (FEZ) der Verbandsgemeinde Alzey-Land sowie die Schlauchwerkstatt der Verbandsgemeinde Alzey-Land.<\/p>\n\n\n\n<p>Die Sicherung des besch\u00e4digten Geb\u00e4udes erfolgt nach Abschluss der L\u00f6schma\u00dfnahmen durch das Technische Hilfswerk (THW). Die Ermittlungen zur Brandursache wurden von der Polizei aufgenommen. Die Feuerwehr befindet sich weiterhin im Einsatz. Dieser wird voraussichtlich noch bis in den sp\u00e4ten Vormittag andauern. (Quelle:ELW Alzey-Land)<\/p>\n\n\n\n<p><\/p>\n<div class=\"rhein-nach-dem-inhalt\" style=\"margin-left: auto;margin-right: auto;text-align: center;\" id=\"rhein-40951288\" data-cfpa=\"16994\" data-cfpw=\"16994\"><div class=\"rhein-adlabel\">Werbung<\/div><a href=\"https:\/\/www.willius-senzer.de\/\" aria-label=\"selzer\"><img loading=\"lazy\" decoding=\"async\" src=\"https:\/\/rheinhessen-news.de\/news\/wp-content\/uploads\/2023\/07\/selzer.png\" alt=\"\"  srcset=\"https:\/\/rheinhessen-news.de\/news\/wp-content\/uploads\/2023\/07\/selzer.png 640w, https:\/\/rheinhessen-news.de\/news\/wp-content\/uploads\/2023\/07\/selzer-300x82.png 300w\" sizes=\"(max-width: 640px) 100vw, 640px\" width=\"640\" height=\"174\"  style=\"opacity: 1 !important;\" \/><\/a><\/div><script type=\"text\/javascript\">;new advadsCfpAd( 16994 );<\/script>","protected":false},"excerpt":{"rendered":"<p>EPPELSHEIM (AZ\/sp)\u00a0&#8211; In der Nacht zum Montag wurde die Feuerwehr der Verbandsgemeinde Alzey-Land um 00:56 Uhr zu einem gemeldeten Brand eines Terrassen\u00fcberbaus in Eppelsheim alarmiert. Beim Eintreffen der ersten Einsatzkr\u00e4fte stellte sich jedoch heraus, dass das Feuer bereits auf das angrenzende Wohngeb\u00e4ude \u00fcbergegriffen hatte. Aus dem Geb\u00e4ude drang eine starke Rauchentwicklung, zudem waren teilweise Flammen [&hellip;]<\/p>\n","protected":false},"author":11,"featured_media":21001,"comment_status":"closed","ping_status":"closed","sticky":false,"template":"","format":"standard","meta":{"footnotes":""},"categories":[19,27,26],"tags":[],"class_list":{"0":"post-21672","1":"post","2":"type-post","3":"status-publish","4":"format-standard","5":"has-post-thumbnail","7":"category-112blaulicht","8":"category-alzey-worms","9":"category-regional"},"yoast_head":"<!-- This site is optimized with the Yoast SEO plugin v25.8 - https:\/\/yoast.com\/wordpress\/plugins\/seo\/ -->\n<title>Dachstuhlbrand in Eppelsheim - Mehrere Feuerwehren im Einsatz - Rheinhessen News<\/title>\n<meta name=\"robots\" content=\"index, follow, max-snippet:-1, max-image-preview:large, max-video-preview:-1\" \/>\n<link rel=\"canonical\" href=\"https:\/\/rheinhessen-news.de\/news\/2026\/03\/16\/dachstuhlbrand-in-eppelsheim\/\" \/>\n<meta property=\"og:locale\" content=\"de_DE\" \/>\n<meta property=\"og:type\" content=\"article\" \/>\n<meta property=\"og:title\" content=\"Dachstuhlbrand in Eppelsheim - Mehrere Feuerwehren im Einsatz - Rheinhessen News\" \/>\n<meta property=\"og:description\" content=\"EPPELSHEIM (AZ\/sp)\u00a0&#8211; In der Nacht zum Montag wurde die Feuerwehr der Verbandsgemeinde Alzey-Land um 00:56 Uhr zu einem gemeldeten Brand eines Terrassen\u00fcberbaus in Eppelsheim alarmiert. Beim Eintreffen der ersten Einsatzkr\u00e4fte stellte sich jedoch heraus, dass das Feuer bereits auf das angrenzende Wohngeb\u00e4ude \u00fcbergegriffen hatte. Aus dem Geb\u00e4ude drang eine starke Rauchentwicklung, zudem waren teilweise Flammen [&hellip;]\" \/>\n<meta property=\"og:url\" content=\"https:\/\/rheinhessen-news.de\/news\/2026\/03\/16\/dachstuhlbrand-in-eppelsheim\/\" \/>\n<meta property=\"og:site_name\" content=\"Rheinhessen News\" \/>\n<meta property=\"article:publisher\" content=\"https:\/\/www.facebook.com\/rheinhessennews\" \/>\n<meta property=\"article:published_time\" content=\"2026-03-16T08:22:39+00:00\" \/>\n<meta property=\"article:modified_time\" content=\"2026-03-16T09:26:34+00:00\" \/>\n<meta property=\"og:image\" content=\"https:\/\/rheinhessen-news.de\/news\/wp-content\/uploads\/2025\/10\/IMG_7537-scaled.jpg\" \/>\n\t<meta property=\"og:image:width\" content=\"2560\" \/>\n\t<meta property=\"og:image:height\" content=\"1802\" \/>\n\t<meta property=\"og:image:type\" content=\"image\/jpeg\" \/>\n<meta name=\"author\" content=\"Simone P\" \/>\n<meta name=\"twitter:card\" content=\"summary_large_image\" \/>\n<meta name=\"twitter:label1\" content=\"Verfasst von\" \/>\n\t<meta name=\"twitter:data1\" content=\"Simone P\" \/>\n\t<meta name=\"twitter:label2\" content=\"Gesch\u00e4tzte Lesezeit\" \/>\n\t<meta name=\"twitter:data2\" content=\"2\u00a0Minuten\" \/>\n<script type=\"application\/ld+json\" class=\"yoast-schema-graph\">{\"@context\":\"https:\/\/schema.org\",\"@graph\":[{\"@type\":\"WebPage\",\"@id\":\"https:\/\/rheinhessen-news.de\/news\/2026\/03\/16\/dachstuhlbrand-in-eppelsheim\/\",\"url\":\"https:\/\/rheinhessen-news.de\/news\/2026\/03\/16\/dachstuhlbrand-in-eppelsheim\/\",\"name\":\"Dachstuhlbrand in Eppelsheim - Mehrere Feuerwehren im Einsatz - Rheinhessen News\",\"isPartOf\":{\"@id\":\"https:\/\/rheinhessen-news.de\/news\/#website\"},\"primaryImageOfPage\":{\"@id\":\"https:\/\/rheinhessen-news.de\/news\/2026\/03\/16\/dachstuhlbrand-in-eppelsheim\/#primaryimage\"},\"image\":{\"@id\":\"https:\/\/rheinhessen-news.de\/news\/2026\/03\/16\/dachstuhlbrand-in-eppelsheim\/#primaryimage\"},\"thumbnailUrl\":\"https:\/\/rheinhessen-news.de\/news\/wp-content\/uploads\/2025\/10\/IMG_7537-scaled.jpg\",\"datePublished\":\"2026-03-16T08:22:39+00:00\",\"dateModified\":\"2026-03-16T09:26:34+00:00\",\"author\":{\"@id\":\"https:\/\/rheinhessen-news.de\/news\/#\/schema\/person\/b3b4241694d16b0d0ae511d6be8e0e01\"},\"breadcrumb\":{\"@id\":\"https:\/\/rheinhessen-news.de\/news\/2026\/03\/16\/dachstuhlbrand-in-eppelsheim\/#breadcrumb\"},\"inLanguage\":\"de\",\"potentialAction\":[{\"@type\":\"ReadAction\",\"target\":[\"https:\/\/rheinhessen-news.de\/news\/2026\/03\/16\/dachstuhlbrand-in-eppelsheim\/\"]}]},{\"@type\":\"ImageObject\",\"inLanguage\":\"de\",\"@id\":\"https:\/\/rheinhessen-news.de\/news\/2026\/03\/16\/dachstuhlbrand-in-eppelsheim\/#primaryimage\",\"url\":\"https:\/\/rheinhessen-news.de\/news\/wp-content\/uploads\/2025\/10\/IMG_7537-scaled.jpg\",\"contentUrl\":\"https:\/\/rheinhessen-news.de\/news\/wp-content\/uploads\/2025\/10\/IMG_7537-scaled.jpg\",\"width\":2560,\"height\":1802,\"caption\":\"Symbolfoto RHN\"},{\"@type\":\"BreadcrumbList\",\"@id\":\"https:\/\/rheinhessen-news.de\/news\/2026\/03\/16\/dachstuhlbrand-in-eppelsheim\/#breadcrumb\",\"itemListElement\":[{\"@type\":\"ListItem\",\"position\":1,\"name\":\"Startseite\",\"item\":\"https:\/\/rheinhessen-news.de\/news\/\"},{\"@type\":\"ListItem\",\"position\":2,\"name\":\"Dachstuhlbrand in Eppelsheim &#8211; Mehrere Feuerwehren im Einsatz\"}]},{\"@type\":\"WebSite\",\"@id\":\"https:\/\/rheinhessen-news.de\/news\/#website\",\"url\":\"https:\/\/rheinhessen-news.de\/news\/\",\"name\":\"Rheinhessen News\",\"description\":\"Aus Rheinhessen - f\u00fcr Rheinhessen\",\"potentialAction\":[{\"@type\":\"SearchAction\",\"target\":{\"@type\":\"EntryPoint\",\"urlTemplate\":\"https:\/\/rheinhessen-news.de\/news\/?s={search_term_string}\"},\"query-input\":{\"@type\":\"PropertyValueSpecification\",\"valueRequired\":true,\"valueName\":\"search_term_string\"}}],\"inLanguage\":\"de\"},{\"@type\":\"Person\",\"@id\":\"https:\/\/rheinhessen-news.de\/news\/#\/schema\/person\/b3b4241694d16b0d0ae511d6be8e0e01\",\"name\":\"Simone P\",\"image\":{\"@type\":\"ImageObject\",\"inLanguage\":\"de\",\"@id\":\"https:\/\/rheinhessen-news.de\/news\/#\/schema\/person\/image\/\",\"url\":\"https:\/\/secure.gravatar.com\/avatar\/2b94af1328e25b3104772d587e7002d9?s=96&d=blank&r=g\",\"contentUrl\":\"https:\/\/secure.gravatar.com\/avatar\/2b94af1328e25b3104772d587e7002d9?s=96&d=blank&r=g\",\"caption\":\"Simone P\"},\"url\":\"https:\/\/rheinhessen-news.de\/news\/author\/redaktion-assist\/\"}]}<\/script>\n<!-- \/ Yoast SEO plugin. -->","yoast_head_json":{"title":"Dachstuhlbrand in Eppelsheim - Mehrere Feuerwehren im Einsatz - Rheinhessen News","robots":{"index":"index","follow":"follow","max-snippet":"max-snippet:-1","max-image-preview":"max-image-preview:large","max-video-preview":"max-video-preview:-1"},"canonical":"https:\/\/rheinhessen-news.de\/news\/2026\/03\/16\/dachstuhlbrand-in-eppelsheim\/","og_locale":"de_DE","og_type":"article","og_title":"Dachstuhlbrand in Eppelsheim - Mehrere Feuerwehren im Einsatz - Rheinhessen News","og_description":"EPPELSHEIM (AZ\/sp)\u00a0&#8211; In der Nacht zum Montag wurde die Feuerwehr der Verbandsgemeinde Alzey-Land um 00:56 Uhr zu einem gemeldeten Brand eines Terrassen\u00fcberbaus in Eppelsheim alarmiert. Beim Eintreffen der ersten Einsatzkr\u00e4fte stellte sich jedoch heraus, dass das Feuer bereits auf das angrenzende Wohngeb\u00e4ude \u00fcbergegriffen hatte. Aus dem Geb\u00e4ude drang eine starke Rauchentwicklung, zudem waren teilweise Flammen [&hellip;]","og_url":"https:\/\/rheinhessen-news.de\/news\/2026\/03\/16\/dachstuhlbrand-in-eppelsheim\/","og_site_name":"Rheinhessen News","article_publisher":"https:\/\/www.facebook.com\/rheinhessennews","article_published_time":"2026-03-16T08:22:39+00:00","article_modified_time":"2026-03-16T09:26:34+00:00","og_image":[{"width":2560,"height":1802,"url":"https:\/\/rheinhessen-news.de\/news\/wp-content\/uploads\/2025\/10\/IMG_7537-scaled.jpg","type":"image\/jpeg"}],"author":"Simone P","twitter_card":"summary_large_image","twitter_misc":{"Verfasst von":"Simone P","Gesch\u00e4tzte Lesezeit":"2\u00a0Minuten"},"schema":{"@context":"https:\/\/schema.org","@graph":[{"@type":"WebPage","@id":"https:\/\/rheinhessen-news.de\/news\/2026\/03\/16\/dachstuhlbrand-in-eppelsheim\/","url":"https:\/\/rheinhessen-news.de\/news\/2026\/03\/16\/dachstuhlbrand-in-eppelsheim\/","name":"Dachstuhlbrand in Eppelsheim - Mehrere Feuerwehren im Einsatz - Rheinhessen News","isPartOf":{"@id":"https:\/\/rheinhessen-news.de\/news\/#website"},"primaryImageOfPage":{"@id":"https:\/\/rheinhessen-news.de\/news\/2026\/03\/16\/dachstuhlbrand-in-eppelsheim\/#primaryimage"},"image":{"@id":"https:\/\/rheinhessen-news.de\/news\/2026\/03\/16\/dachstuhlbrand-in-eppelsheim\/#primaryimage"},"thumbnailUrl":"https:\/\/rheinhessen-news.de\/news\/wp-content\/uploads\/2025\/10\/IMG_7537-scaled.jpg","datePublished":"2026-03-16T08:22:39+00:00","dateModified":"2026-03-16T09:26:34+00:00","author":{"@id":"https:\/\/rheinhessen-news.de\/news\/#\/schema\/person\/b3b4241694d16b0d0ae511d6be8e0e01"},"breadcrumb":{"@id":"https:\/\/rheinhessen-news.de\/news\/2026\/03\/16\/dachstuhlbrand-in-eppelsheim\/#breadcrumb"},"inLanguage":"de","potentialAction":[{"@type":"ReadAction","target":["https:\/\/rheinhessen-news.de\/news\/2026\/03\/16\/dachstuhlbrand-in-eppelsheim\/"]}]},{"@type":"ImageObject","inLanguage":"de","@id":"https:\/\/rheinhessen-news.de\/news\/2026\/03\/16\/dachstuhlbrand-in-eppelsheim\/#primaryimage","url":"https:\/\/rheinhessen-news.de\/news\/wp-content\/uploads\/2025\/10\/IMG_7537-scaled.jpg","contentUrl":"https:\/\/rheinhessen-news.de\/news\/wp-content\/uploads\/2025\/10\/IMG_7537-scaled.jpg","width":2560,"height":1802,"caption":"Symbolfoto RHN"},{"@type":"BreadcrumbList","@id":"https:\/\/rheinhessen-news.de\/news\/2026\/03\/16\/dachstuhlbrand-in-eppelsheim\/#breadcrumb","itemListElement":[{"@type":"ListItem","position":1,"name":"Startseite","item":"https:\/\/rheinhessen-news.de\/news\/"},{"@type":"ListItem","position":2,"name":"Dachstuhlbrand in Eppelsheim &#8211; Mehrere Feuerwehren im Einsatz"}]},{"@type":"WebSite","@id":"https:\/\/rheinhessen-news.de\/news\/#website","url":"https:\/\/rheinhessen-news.de\/news\/","name":"Rheinhessen News","description":"Aus Rheinhessen - f\u00fcr Rheinhessen","potentialAction":[{"@type":"SearchAction","target":{"@type":"EntryPoint","urlTemplate":"https:\/\/rheinhessen-news.de\/news\/?s={search_term_string}"},"query-input":{"@type":"PropertyValueSpecification","valueRequired":true,"valueName":"search_term_string"}}],"inLanguage":"de"},{"@type":"Person","@id":"https:\/\/rheinhessen-news.de\/news\/#\/schema\/person\/b3b4241694d16b0d0ae511d6be8e0e01","name":"Simone P","image":{"@type":"ImageObject","inLanguage":"de","@id":"https:\/\/rheinhessen-news.de\/news\/#\/schema\/person\/image\/","url":"https:\/\/secure.gravatar.com\/avatar\/2b94af1328e25b3104772d587e7002d9?s=96&d=blank&r=g","contentUrl":"https:\/\/secure.gravatar.com\/avatar\/2b94af1328e25b3104772d587e7002d9?s=96&d=blank&r=g","caption":"Simone P"},"url":"https:\/\/rheinhessen-news.de\/news\/author\/redaktion-assist\/"}]}},"_links":{"self":[{"href":"https:\/\/rheinhessen-news.de\/news\/wp-json\/wp\/v2\/posts\/21672","targetHints":{"allow":["GET"]}}],"collection":[{"href":"https:\/\/rheinhessen-news.de\/news\/wp-json\/wp\/v2\/posts"}],"about":[{"href":"https:\/\/rheinhessen-news.de\/news\/wp-json\/wp\/v2\/types\/post"}],"author":[{"embeddable":true,"href":"https:\/\/rheinhessen-news.de\/news\/wp-json\/wp\/v2\/users\/11"}],"replies":[{"embeddable":true,"href":"https:\/\/rheinhessen-news.de\/news\/wp-json\/wp\/v2\/comments?post=21672"}],"version-history":[{"count":3,"href":"https:\/\/rheinhessen-news.de\/news\/wp-json\/wp\/v2\/posts\/21672\/revisions"}],"predecessor-version":[{"id":21678,"href":"https:\/\/rheinhessen-news.de\/news\/wp-json\/wp\/v2\/posts\/21672\/revisions\/21678"}],"wp:featuredmedia":[{"embeddable":true,"href":"https:\/\/rheinhessen-news.de\/news\/wp-json\/wp\/v2\/media\/21001"}],"wp:attachment":[{"href":"https:\/\/rheinhessen-news.de\/news\/wp-json\/wp\/v2\/media?parent=21672"}],"wp:term":[{"taxonomy":"category","embeddable":true,"href":"https:\/\/rheinhessen-news.de\/news\/wp-json\/wp\/v2\/categories?post=21672"},{"taxonomy":"post_tag","embeddable":true,"href":"https:\/\/rheinhessen-news.de\/news\/wp-json\/wp\/v2\/tags?post=21672"}],"curies":[{"name":"wp","href":"https:\/\/api.w.org\/{rel}","templated":true}]}}