{"id":21611,"date":"2026-03-07T08:10:00","date_gmt":"2026-03-07T07:10:00","guid":{"rendered":"https:\/\/rheinhessen-news.de\/news\/?p=21611"},"modified":"2026-03-06T12:47:04","modified_gmt":"2026-03-06T11:47:04","slug":"startschuss-fuers-stammgleis-vorarbeiten-fuer-neuen-radweg-haben-begonnen","status":"publish","type":"post","link":"https:\/\/rheinhessen-news.de\/news\/2026\/03\/07\/startschuss-fuers-stammgleis-vorarbeiten-fuer-neuen-radweg-haben-begonnen\/","title":{"rendered":"Startschuss f\u00fcrs Stammgleis: Vorarbeiten f\u00fcr neuen Radweg haben begonnen"},"content":{"rendered":"<div class=\"rhein-vor-dem-inhalt\" style=\"margin-left: auto;margin-right: auto;text-align: center;\" id=\"rhein-1844528418\" data-cfpa=\"16996\" data-cfpw=\"16996\"><div class=\"rhein-adlabel\">Werbung<\/div><a href=\"https:\/\/a.check24.net\/misc\/click.php?pid=302210&aid=341&cat=14\" target=\"_blank\"><img loading=\"lazy\" decoding=\"async\" src=\"https:\/\/a.check24.net\/misc\/view.php?pid=302210&aid=341&cat=14\" width=\"1200\" height=\"300\" style=\"max-width: 100%; height: auto;\" ><\/a><\/div><script type=\"text\/javascript\">;new advadsCfpAd( 16996 );<\/script>\n<p><strong>ALZEY (red\/sp)<\/strong> &#8211; Die alte Bahntrasse im Industriegebiet wird zur sicheren Radverbindung: Mit dem Beginn der Rodungsarbeiten startet offiziell der Ausbau des barrierefreien Radwegs auf dem Stammgleis. Schon 2027 soll die neue Route fertig sein.<\/p>\n\n\n\n<p>Der Startschuss ist gefallen. Auf dem ehemaligen Stammgleis im Industriegebiet haben die Rodungsarbeiten als Vorbereitung f\u00fcr den Radwegeausbau begonnen. B\u00fcrgermeister Steffen Jung hat sich gemeinsam mit Wirtschaftsministerin Daniela Schmitt, Vertreterinnen und Vertretern des Ministeriums und des Landesbetriebs Mobilit\u00e4t Rheinland-Pfalz, dem Landtagsabgeordneten Heiner Illing sowie Mitarbeitenden der Stadt vor Ort ein Bild vom aktuellen Stand gemacht und sich \u00fcber die n\u00e4chsten Schritte informiert.<\/p>\n\n\n\n<p>\u00dcber die Entwicklung der 1986 stillgelegten Bahntrasse wurde seit Jahren gesprochen. Jetzt wird angepackt. Die Hecken und Geh\u00f6lze wurden bereits entfernt, in den kommenden Tagen wird der Gr\u00fcnschnitt geh\u00e4ckselt. Damit liegt die Trasse frei und der Weg ist geebnet f\u00fcr ein Projekt, das den Radverkehr in Alzey sp\u00fcrbar verbessern wird.<\/p>\n\n\n\n<p>Der Selztalradweg soll k\u00fcnftig nicht mehr \u00fcber die Justus-von-Liebig-Stra\u00dfe und \u00fcber die gef\u00e4hrliche Querung in der Senke der Karl-Heinz-Kipp-Stra\u00dfe in die Kernstadt f\u00fchren. Nach dem Ausbau wird er \u00fcber die ehemaligen Bahngleise entlang der Robert-Bosch-Stra\u00dfe unter der vielbefahrenen Karl-Heinz-Kipp-Stra\u00dfe hindurch in Richtung Innenstadt verlaufen. Das ist ein echter Zugewinn an Sicherheit und macht den Umstieg auf das Rad noch bequemer. Bei der Ma\u00dfnahme handelt es sich um ein zentrales Element des Radverkehrskonzepts des Landkreises und um einen schon lange gehegten Wunsch der Stadt Alzey. Die neue Radwegeverbindung erleichtert das Pendeln zu den im Industriegebiet ans\u00e4ssigen Betrieben erheblich. Und auch touristisch bietet die neue Wegeverbindung einen deutlichen Mehrwert.<\/p>\n\n\n\n<p>Wirtschaftsministerin Daniela Schmitt betont: \u201eSolche Projekte zeigen, wie kluge Infrastrukturplanung gleich mehrere Ziele verbindet: mehr Verkehrssicherheit, eine bessere Anbindung f\u00fcr Unternehmen und ein starkes Signal f\u00fcr nachhaltige Mobilit\u00e4t. Das Land unterst\u00fctzt diese Entwicklung gerne im Rahmen des F\u00f6rderprogramms \u201aStadt und Land\u2018.\u201c<\/p>\n\n\n\n<p>Auch der B\u00fcrgermeister macht deutlich, wie bedeutend dieser Schritt f\u00fcr die Stadt, die Wirtschaft und die umliegenden Gemeinden ist: \u201eDer Radweg auf dem Stammgleis ist ein Meilenstein f\u00fcr Alzey. Wir entsch\u00e4rfen eine ungl\u00fcckliche Verkehrssituation und schaffen gleichzeitig eine attraktive Verbindung zwischen Umland, Industriegebiet und Innenstadt. Dass wir nun mit den ersten Arbeiten beginnen, ist ein starkes Zeichen.\u201c<\/p>\n\n\n\n<p>Bis zur geplanten Freigabe im Fr\u00fchjahr 2027 liegt noch Arbeit vor allen Beteiligten. Zun\u00e4chst werden die Mauer- und Zauneidechsen, die sich im Gebiet der alten Bahnlinie angesiedelt haben, fachgerecht umgesiedelt. Im Sp\u00e4tjahr beginnen dann die eigentlichen Bauarbeiten. Gleise werden zur\u00fcckgebaut, das Gel\u00e4nde f\u00fcr einen barrierefreien Ausbau vorbereitet und anschlie\u00dfend der Radweg gebaut. Dabei spielt Nachhaltigkeit eine wichtige Rolle. So soll der Schotter unter den Bahnschwellen m\u00f6glichst vor Ort verbleiben und als Unterbau f\u00fcr den neuen Weg dienen.&nbsp;<\/p>\n\n\n\n<p>Und der Blick geht bereits einen Schritt weiter: Die Betriebe im Industriegebiet w\u00fcnschen sich, die Trasse perspektivisch noch weiter auszubauen. Eine durchg\u00e4ngige Verbindung vom Bahnhof \u00fcber das Industriegebiet bis in die angrenzenden Gemeinden w\u00e4re der n\u00e4chste gro\u00dfe Schritt. \u201eDas ist derzeit noch Zukunftsmusik, aber mit dem jetzigen Start des Umbaus gehen wir schon jetzt in die richtige Richtung\u201c, so Jung weiter. (Quelle: Stadtverwaltung Alzey)<\/p>\n<div class=\"rhein-nach-dem-inhalt\" style=\"margin-left: auto;margin-right: auto;text-align: center;\" id=\"rhein-2805947956\" data-cfpa=\"16994\" data-cfpw=\"16994\"><div class=\"rhein-adlabel\">Werbung<\/div><a href=\"https:\/\/www.willius-senzer.de\/\" aria-label=\"selzer\"><img loading=\"lazy\" decoding=\"async\" src=\"https:\/\/rheinhessen-news.de\/news\/wp-content\/uploads\/2023\/07\/selzer.png\" alt=\"\"  srcset=\"https:\/\/rheinhessen-news.de\/news\/wp-content\/uploads\/2023\/07\/selzer.png 640w, https:\/\/rheinhessen-news.de\/news\/wp-content\/uploads\/2023\/07\/selzer-300x82.png 300w\" sizes=\"(max-width: 640px) 100vw, 640px\" width=\"640\" height=\"174\"  style=\"opacity: 1 !important;\" \/><\/a><\/div><script type=\"text\/javascript\">;new advadsCfpAd( 16994 );<\/script>","protected":false},"excerpt":{"rendered":"<p>ALZEY (red\/sp) &#8211; Die alte Bahntrasse im Industriegebiet wird zur sicheren Radverbindung: Mit dem Beginn der Rodungsarbeiten startet offiziell der Ausbau des barrierefreien Radwegs auf dem Stammgleis. Schon 2027 soll die neue Route fertig sein. Der Startschuss ist gefallen. Auf dem ehemaligen Stammgleis im Industriegebiet haben die Rodungsarbeiten als Vorbereitung f\u00fcr den Radwegeausbau begonnen. B\u00fcrgermeister [&hellip;]<\/p>\n","protected":false},"author":11,"featured_media":21612,"comment_status":"closed","ping_status":"closed","sticky":false,"template":"","format":"standard","meta":{"footnotes":""},"categories":[1,27,26],"tags":[],"class_list":{"0":"post-21611","1":"post","2":"type-post","3":"status-publish","4":"format-standard","5":"has-post-thumbnail","7":"category-allgemein","8":"category-alzey-worms","9":"category-regional"},"yoast_head":"<!-- This site is optimized with the Yoast SEO plugin v25.8 - https:\/\/yoast.com\/wordpress\/plugins\/seo\/ -->\n<title>Startschuss f\u00fcrs Stammgleis: Vorarbeiten f\u00fcr neuen Radweg haben begonnen - Rheinhessen News<\/title>\n<meta name=\"robots\" content=\"index, follow, max-snippet:-1, max-image-preview:large, max-video-preview:-1\" \/>\n<link rel=\"canonical\" href=\"https:\/\/rheinhessen-news.de\/news\/2026\/03\/07\/startschuss-fuers-stammgleis-vorarbeiten-fuer-neuen-radweg-haben-begonnen\/\" \/>\n<meta property=\"og:locale\" content=\"de_DE\" \/>\n<meta property=\"og:type\" content=\"article\" \/>\n<meta property=\"og:title\" content=\"Startschuss f\u00fcrs Stammgleis: Vorarbeiten f\u00fcr neuen Radweg haben begonnen - Rheinhessen News\" \/>\n<meta property=\"og:description\" content=\"ALZEY (red\/sp) &#8211; Die alte Bahntrasse im Industriegebiet wird zur sicheren Radverbindung: Mit dem Beginn der Rodungsarbeiten startet offiziell der Ausbau des barrierefreien Radwegs auf dem Stammgleis. Schon 2027 soll die neue Route fertig sein. Der Startschuss ist gefallen. Auf dem ehemaligen Stammgleis im Industriegebiet haben die Rodungsarbeiten als Vorbereitung f\u00fcr den Radwegeausbau begonnen. B\u00fcrgermeister [&hellip;]\" \/>\n<meta property=\"og:url\" content=\"https:\/\/rheinhessen-news.de\/news\/2026\/03\/07\/startschuss-fuers-stammgleis-vorarbeiten-fuer-neuen-radweg-haben-begonnen\/\" \/>\n<meta property=\"og:site_name\" content=\"Rheinhessen News\" \/>\n<meta property=\"article:publisher\" content=\"https:\/\/www.facebook.com\/rheinhessennews\" \/>\n<meta property=\"article:published_time\" content=\"2026-03-07T07:10:00+00:00\" \/>\n<meta property=\"og:image\" content=\"https:\/\/rheinhessen-news.de\/news\/wp-content\/uploads\/2026\/03\/Radweg2.jpg\" \/>\n\t<meta property=\"og:image:width\" content=\"1920\" \/>\n\t<meta property=\"og:image:height\" content=\"1325\" \/>\n\t<meta property=\"og:image:type\" content=\"image\/jpeg\" \/>\n<meta name=\"author\" content=\"Simone P\" \/>\n<meta name=\"twitter:card\" content=\"summary_large_image\" \/>\n<meta name=\"twitter:label1\" content=\"Verfasst von\" \/>\n\t<meta name=\"twitter:data1\" content=\"Simone P\" \/>\n\t<meta name=\"twitter:label2\" content=\"Gesch\u00e4tzte Lesezeit\" \/>\n\t<meta name=\"twitter:data2\" content=\"3\u00a0Minuten\" \/>\n<script type=\"application\/ld+json\" class=\"yoast-schema-graph\">{\"@context\":\"https:\/\/schema.org\",\"@graph\":[{\"@type\":\"WebPage\",\"@id\":\"https:\/\/rheinhessen-news.de\/news\/2026\/03\/07\/startschuss-fuers-stammgleis-vorarbeiten-fuer-neuen-radweg-haben-begonnen\/\",\"url\":\"https:\/\/rheinhessen-news.de\/news\/2026\/03\/07\/startschuss-fuers-stammgleis-vorarbeiten-fuer-neuen-radweg-haben-begonnen\/\",\"name\":\"Startschuss f\u00fcrs Stammgleis: Vorarbeiten f\u00fcr neuen Radweg haben begonnen - Rheinhessen News\",\"isPartOf\":{\"@id\":\"https:\/\/rheinhessen-news.de\/news\/#website\"},\"primaryImageOfPage\":{\"@id\":\"https:\/\/rheinhessen-news.de\/news\/2026\/03\/07\/startschuss-fuers-stammgleis-vorarbeiten-fuer-neuen-radweg-haben-begonnen\/#primaryimage\"},\"image\":{\"@id\":\"https:\/\/rheinhessen-news.de\/news\/2026\/03\/07\/startschuss-fuers-stammgleis-vorarbeiten-fuer-neuen-radweg-haben-begonnen\/#primaryimage\"},\"thumbnailUrl\":\"https:\/\/rheinhessen-news.de\/news\/wp-content\/uploads\/2026\/03\/Radweg2.jpg\",\"datePublished\":\"2026-03-07T07:10:00+00:00\",\"author\":{\"@id\":\"https:\/\/rheinhessen-news.de\/news\/#\/schema\/person\/b3b4241694d16b0d0ae511d6be8e0e01\"},\"breadcrumb\":{\"@id\":\"https:\/\/rheinhessen-news.de\/news\/2026\/03\/07\/startschuss-fuers-stammgleis-vorarbeiten-fuer-neuen-radweg-haben-begonnen\/#breadcrumb\"},\"inLanguage\":\"de\",\"potentialAction\":[{\"@type\":\"ReadAction\",\"target\":[\"https:\/\/rheinhessen-news.de\/news\/2026\/03\/07\/startschuss-fuers-stammgleis-vorarbeiten-fuer-neuen-radweg-haben-begonnen\/\"]}]},{\"@type\":\"ImageObject\",\"inLanguage\":\"de\",\"@id\":\"https:\/\/rheinhessen-news.de\/news\/2026\/03\/07\/startschuss-fuers-stammgleis-vorarbeiten-fuer-neuen-radweg-haben-begonnen\/#primaryimage\",\"url\":\"https:\/\/rheinhessen-news.de\/news\/wp-content\/uploads\/2026\/03\/Radweg2.jpg\",\"contentUrl\":\"https:\/\/rheinhessen-news.de\/news\/wp-content\/uploads\/2026\/03\/Radweg2.jpg\",\"width\":1920,\"height\":1325,\"caption\":\"Startschuss f\u00fcrs Stammgleis: Vorarbeiten f\u00fcr neuen Radweg haben begonnen\"},{\"@type\":\"BreadcrumbList\",\"@id\":\"https:\/\/rheinhessen-news.de\/news\/2026\/03\/07\/startschuss-fuers-stammgleis-vorarbeiten-fuer-neuen-radweg-haben-begonnen\/#breadcrumb\",\"itemListElement\":[{\"@type\":\"ListItem\",\"position\":1,\"name\":\"Startseite\",\"item\":\"https:\/\/rheinhessen-news.de\/news\/\"},{\"@type\":\"ListItem\",\"position\":2,\"name\":\"Startschuss f\u00fcrs Stammgleis: Vorarbeiten f\u00fcr neuen Radweg haben begonnen\"}]},{\"@type\":\"WebSite\",\"@id\":\"https:\/\/rheinhessen-news.de\/news\/#website\",\"url\":\"https:\/\/rheinhessen-news.de\/news\/\",\"name\":\"Rheinhessen News\",\"description\":\"Aus Rheinhessen - f\u00fcr Rheinhessen\",\"potentialAction\":[{\"@type\":\"SearchAction\",\"target\":{\"@type\":\"EntryPoint\",\"urlTemplate\":\"https:\/\/rheinhessen-news.de\/news\/?s={search_term_string}\"},\"query-input\":{\"@type\":\"PropertyValueSpecification\",\"valueRequired\":true,\"valueName\":\"search_term_string\"}}],\"inLanguage\":\"de\"},{\"@type\":\"Person\",\"@id\":\"https:\/\/rheinhessen-news.de\/news\/#\/schema\/person\/b3b4241694d16b0d0ae511d6be8e0e01\",\"name\":\"Simone P\",\"image\":{\"@type\":\"ImageObject\",\"inLanguage\":\"de\",\"@id\":\"https:\/\/rheinhessen-news.de\/news\/#\/schema\/person\/image\/\",\"url\":\"https:\/\/secure.gravatar.com\/avatar\/2b94af1328e25b3104772d587e7002d9?s=96&d=blank&r=g\",\"contentUrl\":\"https:\/\/secure.gravatar.com\/avatar\/2b94af1328e25b3104772d587e7002d9?s=96&d=blank&r=g\",\"caption\":\"Simone P\"},\"url\":\"https:\/\/rheinhessen-news.de\/news\/author\/redaktion-assist\/\"}]}<\/script>\n<!-- \/ Yoast SEO plugin. -->","yoast_head_json":{"title":"Startschuss f\u00fcrs Stammgleis: Vorarbeiten f\u00fcr neuen Radweg haben begonnen - Rheinhessen News","robots":{"index":"index","follow":"follow","max-snippet":"max-snippet:-1","max-image-preview":"max-image-preview:large","max-video-preview":"max-video-preview:-1"},"canonical":"https:\/\/rheinhessen-news.de\/news\/2026\/03\/07\/startschuss-fuers-stammgleis-vorarbeiten-fuer-neuen-radweg-haben-begonnen\/","og_locale":"de_DE","og_type":"article","og_title":"Startschuss f\u00fcrs Stammgleis: Vorarbeiten f\u00fcr neuen Radweg haben begonnen - Rheinhessen News","og_description":"ALZEY (red\/sp) &#8211; Die alte Bahntrasse im Industriegebiet wird zur sicheren Radverbindung: Mit dem Beginn der Rodungsarbeiten startet offiziell der Ausbau des barrierefreien Radwegs auf dem Stammgleis. Schon 2027 soll die neue Route fertig sein. Der Startschuss ist gefallen. Auf dem ehemaligen Stammgleis im Industriegebiet haben die Rodungsarbeiten als Vorbereitung f\u00fcr den Radwegeausbau begonnen. B\u00fcrgermeister [&hellip;]","og_url":"https:\/\/rheinhessen-news.de\/news\/2026\/03\/07\/startschuss-fuers-stammgleis-vorarbeiten-fuer-neuen-radweg-haben-begonnen\/","og_site_name":"Rheinhessen News","article_publisher":"https:\/\/www.facebook.com\/rheinhessennews","article_published_time":"2026-03-07T07:10:00+00:00","og_image":[{"width":1920,"height":1325,"url":"https:\/\/rheinhessen-news.de\/news\/wp-content\/uploads\/2026\/03\/Radweg2.jpg","type":"image\/jpeg"}],"author":"Simone P","twitter_card":"summary_large_image","twitter_misc":{"Verfasst von":"Simone P","Gesch\u00e4tzte Lesezeit":"3\u00a0Minuten"},"schema":{"@context":"https:\/\/schema.org","@graph":[{"@type":"WebPage","@id":"https:\/\/rheinhessen-news.de\/news\/2026\/03\/07\/startschuss-fuers-stammgleis-vorarbeiten-fuer-neuen-radweg-haben-begonnen\/","url":"https:\/\/rheinhessen-news.de\/news\/2026\/03\/07\/startschuss-fuers-stammgleis-vorarbeiten-fuer-neuen-radweg-haben-begonnen\/","name":"Startschuss f\u00fcrs Stammgleis: Vorarbeiten f\u00fcr neuen Radweg haben begonnen - Rheinhessen News","isPartOf":{"@id":"https:\/\/rheinhessen-news.de\/news\/#website"},"primaryImageOfPage":{"@id":"https:\/\/rheinhessen-news.de\/news\/2026\/03\/07\/startschuss-fuers-stammgleis-vorarbeiten-fuer-neuen-radweg-haben-begonnen\/#primaryimage"},"image":{"@id":"https:\/\/rheinhessen-news.de\/news\/2026\/03\/07\/startschuss-fuers-stammgleis-vorarbeiten-fuer-neuen-radweg-haben-begonnen\/#primaryimage"},"thumbnailUrl":"https:\/\/rheinhessen-news.de\/news\/wp-content\/uploads\/2026\/03\/Radweg2.jpg","datePublished":"2026-03-07T07:10:00+00:00","author":{"@id":"https:\/\/rheinhessen-news.de\/news\/#\/schema\/person\/b3b4241694d16b0d0ae511d6be8e0e01"},"breadcrumb":{"@id":"https:\/\/rheinhessen-news.de\/news\/2026\/03\/07\/startschuss-fuers-stammgleis-vorarbeiten-fuer-neuen-radweg-haben-begonnen\/#breadcrumb"},"inLanguage":"de","potentialAction":[{"@type":"ReadAction","target":["https:\/\/rheinhessen-news.de\/news\/2026\/03\/07\/startschuss-fuers-stammgleis-vorarbeiten-fuer-neuen-radweg-haben-begonnen\/"]}]},{"@type":"ImageObject","inLanguage":"de","@id":"https:\/\/rheinhessen-news.de\/news\/2026\/03\/07\/startschuss-fuers-stammgleis-vorarbeiten-fuer-neuen-radweg-haben-begonnen\/#primaryimage","url":"https:\/\/rheinhessen-news.de\/news\/wp-content\/uploads\/2026\/03\/Radweg2.jpg","contentUrl":"https:\/\/rheinhessen-news.de\/news\/wp-content\/uploads\/2026\/03\/Radweg2.jpg","width":1920,"height":1325,"caption":"Startschuss f\u00fcrs Stammgleis: Vorarbeiten f\u00fcr neuen Radweg haben begonnen"},{"@type":"BreadcrumbList","@id":"https:\/\/rheinhessen-news.de\/news\/2026\/03\/07\/startschuss-fuers-stammgleis-vorarbeiten-fuer-neuen-radweg-haben-begonnen\/#breadcrumb","itemListElement":[{"@type":"ListItem","position":1,"name":"Startseite","item":"https:\/\/rheinhessen-news.de\/news\/"},{"@type":"ListItem","position":2,"name":"Startschuss f\u00fcrs Stammgleis: Vorarbeiten f\u00fcr neuen Radweg haben begonnen"}]},{"@type":"WebSite","@id":"https:\/\/rheinhessen-news.de\/news\/#website","url":"https:\/\/rheinhessen-news.de\/news\/","name":"Rheinhessen News","description":"Aus Rheinhessen - f\u00fcr Rheinhessen","potentialAction":[{"@type":"SearchAction","target":{"@type":"EntryPoint","urlTemplate":"https:\/\/rheinhessen-news.de\/news\/?s={search_term_string}"},"query-input":{"@type":"PropertyValueSpecification","valueRequired":true,"valueName":"search_term_string"}}],"inLanguage":"de"},{"@type":"Person","@id":"https:\/\/rheinhessen-news.de\/news\/#\/schema\/person\/b3b4241694d16b0d0ae511d6be8e0e01","name":"Simone P","image":{"@type":"ImageObject","inLanguage":"de","@id":"https:\/\/rheinhessen-news.de\/news\/#\/schema\/person\/image\/","url":"https:\/\/secure.gravatar.com\/avatar\/2b94af1328e25b3104772d587e7002d9?s=96&d=blank&r=g","contentUrl":"https:\/\/secure.gravatar.com\/avatar\/2b94af1328e25b3104772d587e7002d9?s=96&d=blank&r=g","caption":"Simone P"},"url":"https:\/\/rheinhessen-news.de\/news\/author\/redaktion-assist\/"}]}},"_links":{"self":[{"href":"https:\/\/rheinhessen-news.de\/news\/wp-json\/wp\/v2\/posts\/21611","targetHints":{"allow":["GET"]}}],"collection":[{"href":"https:\/\/rheinhessen-news.de\/news\/wp-json\/wp\/v2\/posts"}],"about":[{"href":"https:\/\/rheinhessen-news.de\/news\/wp-json\/wp\/v2\/types\/post"}],"author":[{"embeddable":true,"href":"https:\/\/rheinhessen-news.de\/news\/wp-json\/wp\/v2\/users\/11"}],"replies":[{"embeddable":true,"href":"https:\/\/rheinhessen-news.de\/news\/wp-json\/wp\/v2\/comments?post=21611"}],"version-history":[{"count":1,"href":"https:\/\/rheinhessen-news.de\/news\/wp-json\/wp\/v2\/posts\/21611\/revisions"}],"predecessor-version":[{"id":21613,"href":"https:\/\/rheinhessen-news.de\/news\/wp-json\/wp\/v2\/posts\/21611\/revisions\/21613"}],"wp:featuredmedia":[{"embeddable":true,"href":"https:\/\/rheinhessen-news.de\/news\/wp-json\/wp\/v2\/media\/21612"}],"wp:attachment":[{"href":"https:\/\/rheinhessen-news.de\/news\/wp-json\/wp\/v2\/media?parent=21611"}],"wp:term":[{"taxonomy":"category","embeddable":true,"href":"https:\/\/rheinhessen-news.de\/news\/wp-json\/wp\/v2\/categories?post=21611"},{"taxonomy":"post_tag","embeddable":true,"href":"https:\/\/rheinhessen-news.de\/news\/wp-json\/wp\/v2\/tags?post=21611"}],"curies":[{"name":"wp","href":"https:\/\/api.w.org\/{rel}","templated":true}]}}